{"id":1062,"date":"2020-04-10T15:31:45","date_gmt":"2020-04-10T13:31:45","guid":{"rendered":"https:\/\/fbassocies-avocats.fr\/?p=1062"},"modified":"2024-01-28T11:23:32","modified_gmt":"2024-01-28T10:23:32","slug":"covid-19-veille-juridique-1-lindemnite-complementaire-aux-ijss-prevue-a-larticle-l-1226-1-du-code-du-travail","status":"publish","type":"post","link":"https:\/\/fbassocies-avocats.fr\/?p=1062","title":{"rendered":"COVID-19 : VEILLE JURIDIQUE 1 : l\u2019indemnit\u00e9 compl\u00e9mentaire aux IJSS pr\u00e9vue \u00e0 l\u2019article L. 1226-1 du code du travail"},"content":{"rendered":"<p>Selon l&#8217;article L1226-1 du Code du travail :<\/p>\n<p>&#8220;Tout salari\u00e9 ayant une ann\u00e9e d&#8217;anciennet\u00e9 dans l&#8217;entreprise b\u00e9n\u00e9ficie, en cas d&#8217;absence au travail justifi\u00e9e par l&#8217;incapacit\u00e9 r\u00e9sultant de maladie ou d&#8217;accident constat\u00e9 par certificat m\u00e9dical et contre-visite s&#8217;il y a lieu, d&#8217;une indemnit\u00e9 compl\u00e9mentaire \u00e0 l&#8217;allocation journali\u00e8re pr\u00e9vue \u00e0 l&#8217;article\u00a0<a href=\"https:\/\/www.legifrance.gouv.fr\/affichCodeArticle.do?cidTexte=LEGITEXT000006073189&amp;idArticle=LEGIARTI000006742902&amp;dateTexte=&amp;categorieLien=cid\" target=\"_blank\" rel=\"noopener noreferrer\">L. 321-1\u00a0<\/a>du code de la s\u00e9curit\u00e9 sociale, \u00e0 condition :<\/p>\n<p>1\u00b0 D&#8217;avoir justifi\u00e9 dans les quarante-huit heures de cette incapacit\u00e9, sauf si le salari\u00e9 fait partie des personnes mentionn\u00e9es \u00e0 l&#8217;article\u00a0<a href=\"https:\/\/www.legifrance.gouv.fr\/affichCodeArticle.do?cidTexte=LEGITEXT000006073189&amp;idArticle=LEGIARTI000031668412&amp;dateTexte=&amp;categorieLien=cid\" target=\"_blank\" rel=\"noopener noreferrer\">L. 169-1<\/a>\u00a0du code de la s\u00e9curit\u00e9 sociale ;<\/p>\n<p>2\u00b0 D&#8217;\u00eatre pris en charge par la s\u00e9curit\u00e9 sociale ;<\/p>\n<p>3\u00b0 D&#8217;\u00eatre soign\u00e9 sur le territoire fran\u00e7ais ou dans l&#8217;un des autres Etats membres de la Communaut\u00e9 europ\u00e9enne ou dans l&#8217;un des autres Etats partie \u00e0 l&#8217;accord sur l&#8217;Espace \u00e9conomique europ\u00e9en.<\/p>\n<p>Ces dispositions ne s&#8217;appliquent pas aux salari\u00e9s travaillant \u00e0 domicile, aux salari\u00e9s saisonniers, aux salari\u00e9s intermittents et aux salari\u00e9s temporaires.<\/p>\n<p>(&#8230;)&#8221;<\/p>\n<p>L&#8217;une des ordonnances prisent dans le cadre de la\u00a0<a href=\"https:\/\/www.legifrance.gouv.fr\/affichTexte.do?cidTexte=JORFTEXT000041746313&amp;categorieLien=id\" target=\"_blank\" rel=\"noopener noreferrer\">LOI n\u00b0 2020-290 du 23 mars 2020\u00a0<\/a>\u00a0dite &#8220;Loi\u00a0d&#8217;urgence pour faire face \u00e0 l&#8217;\u00e9pid\u00e9mie de covid-19&#8221; a vocation \u00e0 assouplir les conditions d&#8217;octroit de cette indemnit\u00e9 compl\u00e9mentaire (Ordonnance n\u00b0 2020-322 du\u00a025 mars 2020) :<\/p>\n<p>Ainsi, le texte pr\u00e9voit que :<\/p>\n<p>&#8220;Afin de faire face aux cons\u00e9quences \u00e9conomiques, financi\u00e8res et sociales de la propagation du Covid-19, jusqu\u2019au 31 ao\u00fbt 2020, l\u2019indemnit\u00e9 compl\u00e9mentaire mentionn\u00e9e \u00e0 l\u2019article L. 1226-1 du code du travail est vers\u00e9e :<\/p>\n<p>1\u00b0 Aux salari\u00e9s qui b\u00e9n\u00e9ficient d\u2019un arr\u00eat de travail en application des dispositions prises pour l\u2019application de l\u2019article L. 16-10-1 du code de la s\u00e9curit\u00e9 sociale, sans que la condition d\u2019anciennet\u00e9 pr\u00e9vue au premier alin\u00e9a de l\u2019article L. 1226-1 du code du travail ni les conditions pr\u00e9vues aux 1\u00b0 et 3\u00b0 du m\u00eame article ne soient requises et sans que l\u2019exclusion des cat\u00e9gories de salari\u00e9s mentionn\u00e9es au cinqui\u00e8me alin\u00e9a du m\u00eame article ne s\u2019applique ;<\/p>\n<p>2\u00b0 Aux salari\u00e9s en situation d\u2019absence au travail justifi\u00e9e par l\u2019incapacit\u00e9 r\u00e9sultant de maladie ou d\u2019accident mentionn\u00e9s \u00e0 l\u2019article L. 1226-1 du code du travail sans que la condition d\u2019anciennet\u00e9 pr\u00e9vue au premier alin\u00e9a de cet article ne soit requise et sans que l\u2019exclusion des cat\u00e9gories de salari\u00e9s mentionn\u00e9es au cinqui\u00e8me alin\u00e9a du m\u00eame article ne s\u2019applique.&#8221;<\/p>\n<p>Un d\u00e9cret peut am\u00e9nager les d\u00e9lais et les modalit\u00e9s selon lesquelles l\u2019indemnit\u00e9 mentionn\u00e9e au premier alin\u00e9a est vers\u00e9e pendant la p\u00e9riode pr\u00e9vue \u00e0 cet alin\u00e9a aux salari\u00e9s mentionn\u00e9s aux 1\u00b0 et 2\u00b0.&#8221;<\/p>\n<p>Il faut en d\u00e9duire que l&#8217;indemnit\u00e9 compl\u00e9mentaire \u00e0 l&#8217;allocation journali\u00e8re devrait concerner\u00a0d\u00e9sormais :<\/p>\n<p>1) Les\u00a0salari\u00e9s en situation d\u2019absence au travail justifi\u00e9e par l\u2019incapacit\u00e9 r\u00e9sultant de maladie ou d\u2019accident du travail, comme pr\u00e9c\u00e9dement, mais\u00a0quelle que soit leur anciennet\u00e9 ou\u00a0la nature de leur contrat de travail,<\/p>\n<p>2) Les personnes qui pr\u00e9sentent les sympt\u00f4mes du COVID 19 et qui font l&#8217;objet d&#8217;un arr\u00eat de travail quelle que soit leur anciennet\u00e9 ou\u00a0la nature de leur contrat de travail,<\/p>\n<p>3) Les personnes &#8220;\u00e0 risque&#8221; qui font, \u00e0 compter du 18 mars 2020, l&#8217;objet d&#8217;un<strong>\u00a0arr\u00eat de travail pour une dur\u00e9e initiale de 21 jours d\u00e9clar\u00e9 via le t\u00e9l\u00e9service de d\u00e9claration de l&#8217;Assurance maladie<\/strong>, sans passer par leur\u00a0m\u00e9decin traitant ou leur employeur, et\u00a0quelle que soit leur anciennet\u00e9 ou la nature de leur contrat de travail,<\/p>\n<p>4) Les parents d&#8217;enfants de moins de 16 ans dont l&#8217;\u00e9tablissement scolaire ou la cr\u00e8che a \u00e9t\u00e9 ferm\u00e9e et qui obtiennent un arr\u00eat de travail\u00a0<strong>d\u00e9clar\u00e9 via le t\u00e9l\u00e9service de d\u00e9claration de l&#8217;Assurance maladie,\u00a0<\/strong>quelle que soit leur anciennet\u00e9 ou la nature de leur contrat de travail,<\/p>\n<p>L&#8217;indemnit\u00e9 est vers\u00e9e par l&#8217;employeur.<\/p>\n<p>Dans le dispositif ant\u00e9rieur, pendant les\u00a030 \u00e0 90\u00a0premiers jours d&#8217;arr\u00eat selon l&#8217;anciennet\u00e9, le salari\u00e9\u00a0touche\u00a0des indemnit\u00e9s, qui en compl\u00e9ment de IJ, permettent\u00a0de percevoir\u00a090\u00a0%\u00a0de la r\u00e9mun\u00e9ration brute qu&#8217;il aurait per\u00e7ue.<\/p>\n<p>Pendant les\u00a030 \u00e0 90\u00a0jours d&#8217;arr\u00eat suivants, le pourcentage est abaiss\u00e9 aux 2\/3 (soit\u00a066,66\u00a0%) de sa r\u00e9mun\u00e9ration.<\/p>\n<p>Un d\u00e9cret devrait cependant am\u00e9nager les\u00a0d\u00e9lais et les modalit\u00e9s selon lesquelles l\u2019indemnit\u00e9 mentionn\u00e9e au premier alin\u00e9a est vers\u00e9e pendant la p\u00e9riode de confinement.<\/p>\n","protected":false},"excerpt":{"rendered":"<p>Selon l&#8217;article L1226-1 du Code du travail : &#8220;Tout salari\u00e9 ayant une ann\u00e9e d&#8217;anciennet\u00e9 dans l&#8217;entreprise b\u00e9n\u00e9ficie, en cas d&#8217;absence au travail justifi\u00e9e par l&#8217;incapacit\u00e9 r\u00e9sultant de maladie ou d&#8217;accident constat\u00e9 par certificat m\u00e9dical et contre-visite s&#8217;il y a lieu, d&#8217;une indemnit\u00e9 compl\u00e9mentaire \u00e0 l&#8217;allocation journali\u00e8re pr\u00e9vue \u00e0 l&#8217;article\u00a0L. 321-1\u00a0du code de la s\u00e9curit\u00e9 sociale, [&hellip;]<\/p>\n","protected":false},"author":1,"featured_media":1063,"comment_status":"closed","ping_status":"closed","sticky":false,"template":"","format":"standard","meta":{"footnotes":""},"categories":[1],"tags":[],"acf":[],"yoast_head":"<!-- This site is optimized with the Yoast SEO plugin v21.9.1 - https:\/\/yoast.com\/wordpress\/plugins\/seo\/ -->\n<title>COVID-19 : VEILLE JURIDIQUE 1 : l\u2019indemnit\u00e9 compl\u00e9mentaire aux IJSS pr\u00e9vue \u00e0 l\u2019article L. 1226-1 du code du travail -<\/title>\n<meta name=\"robots\" content=\"index, follow, max-snippet:-1, max-image-preview:large, max-video-preview:-1\" \/>\n<link rel=\"canonical\" href=\"https:\/\/fbassocies-avocats.fr\/?p=1062\" \/>\n<meta property=\"og:locale\" content=\"fr_FR\" \/>\n<meta property=\"og:type\" content=\"article\" \/>\n<meta property=\"og:title\" content=\"COVID-19 : VEILLE JURIDIQUE 1 : l\u2019indemnit\u00e9 compl\u00e9mentaire aux IJSS pr\u00e9vue \u00e0 l\u2019article L. 1226-1 du code du travail -\" \/>\n<meta property=\"og:description\" content=\"Selon l&#8217;article L1226-1 du Code du travail : &#8220;Tout salari\u00e9 ayant une ann\u00e9e d&#8217;anciennet\u00e9 dans l&#8217;entreprise b\u00e9n\u00e9ficie, en cas d&#8217;absence au travail justifi\u00e9e par l&#8217;incapacit\u00e9 r\u00e9sultant de maladie ou d&#8217;accident constat\u00e9 par certificat m\u00e9dical et contre-visite s&#8217;il y a lieu, d&#8217;une indemnit\u00e9 compl\u00e9mentaire \u00e0 l&#8217;allocation journali\u00e8re pr\u00e9vue \u00e0 l&#8217;article\u00a0L. 321-1\u00a0du code de la s\u00e9curit\u00e9 sociale, [&hellip;]\" \/>\n<meta property=\"og:url\" content=\"https:\/\/fbassocies-avocats.fr\/?p=1062\" \/>\n<meta property=\"article:published_time\" content=\"2020-04-10T13:31:45+00:00\" \/>\n<meta property=\"article:modified_time\" content=\"2024-01-28T10:23:32+00:00\" \/>\n<meta property=\"og:image\" content=\"https:\/\/fbassocies-avocats.fr\/wp-content\/uploads\/2020\/04\/art4.jpg\" \/>\n\t<meta property=\"og:image:width\" content=\"640\" \/>\n\t<meta property=\"og:image:height\" content=\"360\" \/>\n\t<meta property=\"og:image:type\" content=\"image\/jpeg\" \/>\n<meta name=\"author\" content=\"avocatadmin\" \/>\n<meta name=\"twitter:card\" content=\"summary_large_image\" \/>\n<meta name=\"twitter:label1\" content=\"\u00c9crit par\" \/>\n\t<meta name=\"twitter:data1\" content=\"avocatadmin\" \/>\n\t<meta name=\"twitter:label2\" content=\"Dur\u00e9e de lecture estim\u00e9e\" \/>\n\t<meta name=\"twitter:data2\" content=\"4 minutes\" \/>\n<script type=\"application\/ld+json\" class=\"yoast-schema-graph\">{\"@context\":\"https:\/\/schema.org\",\"@graph\":[{\"@type\":\"WebPage\",\"@id\":\"https:\/\/fbassocies-avocats.fr\/?p=1062\",\"url\":\"https:\/\/fbassocies-avocats.fr\/?p=1062\",\"name\":\"COVID-19 : VEILLE JURIDIQUE 1 : l\u2019indemnit\u00e9 compl\u00e9mentaire aux IJSS pr\u00e9vue \u00e0 l\u2019article L. 1226-1 du code du travail -\",\"isPartOf\":{\"@id\":\"https:\/\/fbassocies-avocats.fr\/#website\"},\"datePublished\":\"2020-04-10T13:31:45+00:00\",\"dateModified\":\"2024-01-28T10:23:32+00:00\",\"author\":{\"@id\":\"https:\/\/fbassocies-avocats.fr\/#\/schema\/person\/ba34d71896f2e69ee5ec25e47fbb060a\"},\"breadcrumb\":{\"@id\":\"https:\/\/fbassocies-avocats.fr\/?p=1062#breadcrumb\"},\"inLanguage\":\"fr-FR\",\"potentialAction\":[{\"@type\":\"ReadAction\",\"target\":[\"https:\/\/fbassocies-avocats.fr\/?p=1062\"]}]},{\"@type\":\"BreadcrumbList\",\"@id\":\"https:\/\/fbassocies-avocats.fr\/?p=1062#breadcrumb\",\"itemListElement\":[{\"@type\":\"ListItem\",\"position\":1,\"name\":\"Home\",\"item\":\"https:\/\/fbassocies-avocats.fr\/\"},{\"@type\":\"ListItem\",\"position\":2,\"name\":\"COVID-19 : VEILLE JURIDIQUE 1 : l\u2019indemnit\u00e9 compl\u00e9mentaire aux IJSS pr\u00e9vue \u00e0 l\u2019article L. 1226-1 du code du travail\"}]},{\"@type\":\"WebSite\",\"@id\":\"https:\/\/fbassocies-avocats.fr\/#website\",\"url\":\"https:\/\/fbassocies-avocats.fr\/\",\"name\":\"\",\"description\":\"\",\"potentialAction\":[{\"@type\":\"SearchAction\",\"target\":{\"@type\":\"EntryPoint\",\"urlTemplate\":\"https:\/\/fbassocies-avocats.fr\/?s={search_term_string}\"},\"query-input\":\"required name=search_term_string\"}],\"inLanguage\":\"fr-FR\"},{\"@type\":\"Person\",\"@id\":\"https:\/\/fbassocies-avocats.fr\/#\/schema\/person\/ba34d71896f2e69ee5ec25e47fbb060a\",\"name\":\"avocatadmin\",\"image\":{\"@type\":\"ImageObject\",\"inLanguage\":\"fr-FR\",\"@id\":\"https:\/\/fbassocies-avocats.fr\/#\/schema\/person\/image\/\",\"url\":\"https:\/\/secure.gravatar.com\/avatar\/7f15a488cfc44773b91885f489607116?s=96&d=mm&r=g\",\"contentUrl\":\"https:\/\/secure.gravatar.com\/avatar\/7f15a488cfc44773b91885f489607116?s=96&d=mm&r=g\",\"caption\":\"avocatadmin\"},\"url\":\"https:\/\/fbassocies-avocats.fr\/?author=1\"}]}<\/script>\n<!-- \/ Yoast SEO plugin. -->","yoast_head_json":{"title":"COVID-19 : VEILLE JURIDIQUE 1 : l\u2019indemnit\u00e9 compl\u00e9mentaire aux IJSS pr\u00e9vue \u00e0 l\u2019article L. 1226-1 du code du travail -","robots":{"index":"index","follow":"follow","max-snippet":"max-snippet:-1","max-image-preview":"max-image-preview:large","max-video-preview":"max-video-preview:-1"},"canonical":"https:\/\/fbassocies-avocats.fr\/?p=1062","og_locale":"fr_FR","og_type":"article","og_title":"COVID-19 : VEILLE JURIDIQUE 1 : l\u2019indemnit\u00e9 compl\u00e9mentaire aux IJSS pr\u00e9vue \u00e0 l\u2019article L. 1226-1 du code du travail -","og_description":"Selon l&#8217;article L1226-1 du Code du travail : &#8220;Tout salari\u00e9 ayant une ann\u00e9e d&#8217;anciennet\u00e9 dans l&#8217;entreprise b\u00e9n\u00e9ficie, en cas d&#8217;absence au travail justifi\u00e9e par l&#8217;incapacit\u00e9 r\u00e9sultant de maladie ou d&#8217;accident constat\u00e9 par certificat m\u00e9dical et contre-visite s&#8217;il y a lieu, d&#8217;une indemnit\u00e9 compl\u00e9mentaire \u00e0 l&#8217;allocation journali\u00e8re pr\u00e9vue \u00e0 l&#8217;article\u00a0L. 321-1\u00a0du code de la s\u00e9curit\u00e9 sociale, [&hellip;]","og_url":"https:\/\/fbassocies-avocats.fr\/?p=1062","article_published_time":"2020-04-10T13:31:45+00:00","article_modified_time":"2024-01-28T10:23:32+00:00","og_image":[{"width":640,"height":360,"url":"https:\/\/fbassocies-avocats.fr\/wp-content\/uploads\/2020\/04\/art4.jpg","type":"image\/jpeg"}],"author":"avocatadmin","twitter_card":"summary_large_image","twitter_misc":{"\u00c9crit par":"avocatadmin","Dur\u00e9e de lecture estim\u00e9e":"4 minutes"},"schema":{"@context":"https:\/\/schema.org","@graph":[{"@type":"WebPage","@id":"https:\/\/fbassocies-avocats.fr\/?p=1062","url":"https:\/\/fbassocies-avocats.fr\/?p=1062","name":"COVID-19 : VEILLE JURIDIQUE 1 : l\u2019indemnit\u00e9 compl\u00e9mentaire aux IJSS pr\u00e9vue \u00e0 l\u2019article L. 1226-1 du code du travail -","isPartOf":{"@id":"https:\/\/fbassocies-avocats.fr\/#website"},"datePublished":"2020-04-10T13:31:45+00:00","dateModified":"2024-01-28T10:23:32+00:00","author":{"@id":"https:\/\/fbassocies-avocats.fr\/#\/schema\/person\/ba34d71896f2e69ee5ec25e47fbb060a"},"breadcrumb":{"@id":"https:\/\/fbassocies-avocats.fr\/?p=1062#breadcrumb"},"inLanguage":"fr-FR","potentialAction":[{"@type":"ReadAction","target":["https:\/\/fbassocies-avocats.fr\/?p=1062"]}]},{"@type":"BreadcrumbList","@id":"https:\/\/fbassocies-avocats.fr\/?p=1062#breadcrumb","itemListElement":[{"@type":"ListItem","position":1,"name":"Home","item":"https:\/\/fbassocies-avocats.fr\/"},{"@type":"ListItem","position":2,"name":"COVID-19 : VEILLE JURIDIQUE 1 : l\u2019indemnit\u00e9 compl\u00e9mentaire aux IJSS pr\u00e9vue \u00e0 l\u2019article L. 1226-1 du code du travail"}]},{"@type":"WebSite","@id":"https:\/\/fbassocies-avocats.fr\/#website","url":"https:\/\/fbassocies-avocats.fr\/","name":"","description":"","potentialAction":[{"@type":"SearchAction","target":{"@type":"EntryPoint","urlTemplate":"https:\/\/fbassocies-avocats.fr\/?s={search_term_string}"},"query-input":"required name=search_term_string"}],"inLanguage":"fr-FR"},{"@type":"Person","@id":"https:\/\/fbassocies-avocats.fr\/#\/schema\/person\/ba34d71896f2e69ee5ec25e47fbb060a","name":"avocatadmin","image":{"@type":"ImageObject","inLanguage":"fr-FR","@id":"https:\/\/fbassocies-avocats.fr\/#\/schema\/person\/image\/","url":"https:\/\/secure.gravatar.com\/avatar\/7f15a488cfc44773b91885f489607116?s=96&d=mm&r=g","contentUrl":"https:\/\/secure.gravatar.com\/avatar\/7f15a488cfc44773b91885f489607116?s=96&d=mm&r=g","caption":"avocatadmin"},"url":"https:\/\/fbassocies-avocats.fr\/?author=1"}]}},"_links":{"self":[{"href":"https:\/\/fbassocies-avocats.fr\/index.php?rest_route=\/wp\/v2\/posts\/1062"}],"collection":[{"href":"https:\/\/fbassocies-avocats.fr\/index.php?rest_route=\/wp\/v2\/posts"}],"about":[{"href":"https:\/\/fbassocies-avocats.fr\/index.php?rest_route=\/wp\/v2\/types\/post"}],"author":[{"embeddable":true,"href":"https:\/\/fbassocies-avocats.fr\/index.php?rest_route=\/wp\/v2\/users\/1"}],"replies":[{"embeddable":true,"href":"https:\/\/fbassocies-avocats.fr\/index.php?rest_route=%2Fwp%2Fv2%2Fcomments&post=1062"}],"version-history":[{"count":2,"href":"https:\/\/fbassocies-avocats.fr\/index.php?rest_route=\/wp\/v2\/posts\/1062\/revisions"}],"predecessor-version":[{"id":1369,"href":"https:\/\/fbassocies-avocats.fr\/index.php?rest_route=\/wp\/v2\/posts\/1062\/revisions\/1369"}],"wp:featuredmedia":[{"embeddable":true,"href":"https:\/\/fbassocies-avocats.fr\/index.php?rest_route=\/wp\/v2\/media\/1063"}],"wp:attachment":[{"href":"https:\/\/fbassocies-avocats.fr\/index.php?rest_route=%2Fwp%2Fv2%2Fmedia&parent=1062"}],"wp:term":[{"taxonomy":"category","embeddable":true,"href":"https:\/\/fbassocies-avocats.fr\/index.php?rest_route=%2Fwp%2Fv2%2Fcategories&post=1062"},{"taxonomy":"post_tag","embeddable":true,"href":"https:\/\/fbassocies-avocats.fr\/index.php?rest_route=%2Fwp%2Fv2%2Ftags&post=1062"}],"curies":[{"name":"wp","href":"https:\/\/api.w.org\/{rel}","templated":true}]}}